{"id":2558,"date":"2018-03-29T14:01:26","date_gmt":"2018-03-29T12:01:26","guid":{"rendered":"https:\/\/www.olmiplast.ch\/?p=2558"},"modified":"2023-12-05T20:17:24","modified_gmt":"2023-12-05T19:17:24","slug":"beruf-im-fokus-der-marketingverantwortliche","status":"publish","type":"post","link":"https:\/\/www.olmiplast.ch\/de\/beruf-im-fokus-der-marketingverantwortliche\/","title":{"rendered":"Beruf im Fokus &#8211; der Marketingverantwortliche"},"content":{"rendered":"<p>[vc_row disable_element=&#187;yes&#187;][vc_column][vc_column_text]<\/p>\n<div class=\"post-content\">\n<h1>Beruf im Fokus &#8211; der Marketingverantwortliche<\/h1>\n<p>Der Marketingverantwortliche ist haupts\u00e4chlich zust\u00e4ndig daf\u00fcr, eine Handels- und Werbestrategie zur Verkaufsf\u00f6rderung der Dienstleistungen\/Produkte einer Marke eines Unternehmens zu erarbeiten.<\/p>\n<h2>Aufgaben des Marketingverantwortlichen im Unternehmen<\/h2>\n<p>Der Marketingverantwortliche muss den Markt, den Wettbewerb und die Innovationen und Neuheiten der Branche eng mitverfolgen. Zu diesem Zweck erstellt er detaillierte, pr\u00e4zise Marketinganalysen, indem er Verk\u00e4ufe, bereits erfolgte Verkaufsaktionen sowie das Verhalten der Ziel-Konsumenten beobachtet. Anschliessend erarbeitet er die eigenen Verkaufs- und Werbeaktionen der Marke nach einem bestimmten Marketingplan, um klar definierte Ziele zu erreichen. Er tr\u00e4gt ausschlaggebend zur Produktstrategie und zum Markenimage des Unternehmens bei. Nach einer kaufm\u00e4nnischen Ausbildung und Erfahrungen im Verkauf und in Kommunikation und Marketing kann ein Marketingverantwortlicher in den verschiedensten Unternehmen, unter anderem in Start-Ups, sowie in s\u00e4mtlichen Sektoren t\u00e4tig sein (Dienstleistung, Industrie, Konsumprodukte).<\/p>\n<h2>Marketingverantwortlicher bei Olmiplast<\/h2>\n<p>Bei Olmiplast k\u00fcmmert sich der Marketingverantwortliche um den Sektor Kunststoff und sorgt daf\u00fcr, dass wir Ihnen m\u00f6glichst umweltfreundliche Materialien und L\u00f6sungen anbieten k\u00f6nnen. Auch informiert er sich regelm\u00e4ssig \u00fcber den technischen Fortschritt und neue Drucktechniken und -maschinen. Die Aufgabe des Marketingverantwortlichen besteht darin, unser Unternehmen mit technischen Mitteln auf dem neuesten Stand auszur\u00fcsten, damit wir allen Ihren Anforderungen immer mit optimalen L\u00f6sungen gerecht werden k\u00f6nnen.<\/p>\n<\/div>\n<p>[\/vc_column_text][\/vc_column][\/vc_row][vc_row full_width=&#187;stretch_row&#187; css=&#187;.vc_custom_1643988604048{padding-top: 20px !important;padding-bottom: 20px !important;background: #9ee5c6 url(https:\/\/www.olmiplast.ch\/wp-content\/uploads\/2022\/01\/packaging-black.png?id=1266) !important;background-position: center !important;background-repeat: no-repeat !important;background-size: cover !important;}&#187;][vc_column][vc_separator color=&#187;black&#187; border_width=&#187;2&#8243; el_width=&#187;60&#8243; css_animation=&#187;zoomIn&#187;][vc_row_inner content_placement=&#187;middle&#187;][vc_column_inner width=&#187;1\/3&#8243; css=&#187;.vc_custom_1637329347730{margin-top: 0px !important;margin-bottom: 0px !important;padding-top: 0px !important;padding-bottom: 0px !important;}&#187;][vc_single_image image=&#187;1005&#8243; img_size=&#187;150&#215;150&#8243; alignment=&#187;right&#187; css=&#187;.vc_custom_1637923307237{margin-top: 0px !important;margin-bottom: 0px !important;padding-top: 0px !important;padding-bottom: 0px !important;}&#187;][\/vc_column_inner][vc_column_inner width=&#187;1\/3&#8243; css=&#187;.vc_custom_1637329354835{margin-top: 0px !important;margin-bottom: 0px !important;padding-top: 0px !important;padding-bottom: 0px !important;}&#187;][vc_column_text css=&#187;.vc_custom_1637850589353{margin-top: 0px !important;margin-bottom: 0px !important;padding-top: 0px !important;padding-bottom: 0px !important;}&#187;]<\/p>\n<h2 style=\"text-align: center;\">Beruf um Fokus &#8211; der Marketingverantwortliche<\/h2>\n<p>[\/vc_column_text][\/vc_column_inner][vc_column_inner width=&#187;1\/3&#8243;][\/vc_column_inner][\/vc_row_inner][vc_separator color=&#187;black&#187; border_width=&#187;2&#8243; el_width=&#187;60&#8243; css_animation=&#187;zoomIn&#187;][\/vc_column][\/vc_row][vc_row full_width=&#187;stretch_row&#187;][vc_column][vc_column_text]<\/p>\n<p style=\"text-align: center;\">Der <strong class=\"d2b\">Marketingverantwortliche <\/strong>ist haupts\u00e4chlich zust\u00e4ndig daf\u00fcr, eine Handels- und Werbestrategie zur Verkaufsf\u00f6rderung der Dienstleistungen\/Produkte einer Marke eines Unternehmens zu erarbeiten.<\/p>\n<p>[\/vc_column_text][\/vc_column][\/vc_row][vc_row full_width=&#187;stretch_row&#187; css=&#187;.vc_custom_1637938093626{background-color: rgba(242,242,242,0.97) !important;*background-color: rgb(242,242,242) !important;}&#187;][vc_column][vc_column_text]<\/p>\n<h2><strong>Aufgaben des Marketingverantwortlichen im Unternehmen<\/strong><\/h2>\n<p>Der Marketingverantwortliche muss den Markt, den Wettbewerb und die Innovationen und Neuheiten der Branche eng mitverfolgen. Zu diesem Zweck erstellt er detaillierte, pr\u00e4zise Marketinganalysen, indem er Verk\u00e4ufe, bereits erfolgte Verkaufsaktionen sowie das Verhalten der Ziel-Konsumenten beobachtet. Anschliessend erarbeitet er die eigenen Verkaufs- und Werbeaktionen der Marke nach einem bestimmten Marketingplan, um klar definierte Ziele zu erreichen. Er tr\u00e4gt ausschlaggebend zur Produktstrategie und zum Markenimage des Unternehmens bei. Nach einer kaufm\u00e4nnischen Ausbildung und Erfahrungen im Verkauf und in Kommunikation und Marketing kann ein Marketingverantwortlicher in den verschiedensten Unternehmen, unter anderem in Start-Ups, sowie in s\u00e4mtlichen Sektoren t\u00e4tig sein (Dienstleistung, Industrie, Konsumprodukte).[\/vc_column_text][\/vc_column][\/vc_row][vc_row][vc_column][vc_column_text]<\/p>\n<h2><strong>Marketingverantwortlicher bei Olmiplast<\/strong><\/h2>\n<p>Bei Olmiplast k\u00fcmmert sich der Marketingverantwortliche um den Sektor Kunststoff und sorgt daf\u00fcr, dass wir Ihnen m\u00f6glichst umweltfreundliche Materialien und L\u00f6sungen anbieten k\u00f6nnen. Auch informiert er sich regelm\u00e4ssig \u00fcber den technischen Fortschritt und neue Drucktechniken und -maschinen. Die Aufgabe des Marketingverantwortlichen besteht darin, unser Unternehmen mit technischen Mitteln auf dem neuesten Stand auszur\u00fcsten, damit wir allen Ihren Anforderungen immer mit optimalen L\u00f6sungen gerecht werden k\u00f6nnen.[\/vc_column_text][\/vc_column][\/vc_row][vc_row full_width=&#187;stretch_row&#187; css=&#187;.vc_custom_1637663778758{margin-top: 50px !important;margin-bottom: 50px !important;}&#187;][vc_column width=&#187;1\/3&#8243;][\/vc_column][vc_column width=&#187;1\/3&#8243; css=&#187;.vc_custom_1637592315957{background-color: #52a7d9 !important;}&#187;][vc_column_text]<\/p>\n<p style=\"text-align: center;\"><span class=\"fort\">Ben\u00f6tigen Sie weitere Informationen?<\/span><\/p>\n<p style=\"text-align: center;\"><span class=\"fort\">W\u00fcnschen Sie einen Kostenvoranschlag?<\/span><\/p>\n<p>[\/vc_column_text][vc_btn title=&#187;KONTAKTIEREN SIE UNS&#187; style=&#187;custom&#187; custom_background=&#187;#303030&#8243; custom_text=&#187;#ffffff&#187; shape=&#187;square&#187; size=&#187;lg&#187; align=&#187;center&#187; link=&#187;url:https%3A%2F%2Fwww.olmiplast.ch%2Fde%2Fkontakt%2F|title:Digitaler%20Flachbettdrucker%20mit%20Tisch%20HP&#187;][\/vc_column][vc_column width=&#187;1\/3&#8243;][\/vc_column][\/vc_row]<\/p>\n","protected":false},"excerpt":{"rendered":"<p>[vc_row disable_element=&#187;yes&#187;][vc_column][vc_column_text] Beruf im Fokus &#8211; der Marketingverantwortliche Der Marketingverantwortliche ist haupts\u00e4chlich zust\u00e4ndig daf\u00fcr, eine Handels- und Werbestrategie zur Verkaufsf\u00f6rderung der Dienstleistungen\/Produkte einer Marke eines Unternehmens<span class=\"excerpt-hellip\"> [\u2026]<\/span><\/p>\n","protected":false},"author":1,"featured_media":1989,"comment_status":"closed","ping_status":"closed","sticky":false,"template":"","format":"standard","meta":{"footnotes":""},"categories":[4],"tags":[],"class_list":["post-2558","post","type-post","status-publish","format-standard","has-post-thumbnail","hentry","category-unkategorisiert"],"yoast_head":"<!-- This site is optimized with the Yoast SEO plugin v27.5 - https:\/\/yoast.com\/product\/yoast-seo-wordpress\/ -->\n<title>Personalisierte massgefertigte Verpackungen f\u00fcr den Marketingbereich<\/title>\n<meta name=\"description\" content=\"Hier erfahren Sie, was der Beruf des Marketingverantwortlichen mit personalisierten Verpackungen zu tun hat.\" \/>\n<meta name=\"robots\" content=\"index, follow, max-snippet:-1, max-image-preview:large, max-video-preview:-1\" \/>\n<link rel=\"canonical\" href=\"https:\/\/www.olmiplast.ch\/de\/beruf-im-fokus-der-marketingverantwortliche\/\" \/>\n<meta property=\"og:locale\" content=\"de_DE\" \/>\n<meta property=\"og:type\" content=\"article\" \/>\n<meta property=\"og:title\" content=\"Personalisierte massgefertigte Verpackungen f\u00fcr den Marketingbereich\" \/>\n<meta property=\"og:description\" content=\"Hier erfahren Sie, was der Beruf des Marketingverantwortlichen mit personalisierten Verpackungen zu tun hat.\" \/>\n<meta property=\"og:url\" content=\"https:\/\/www.olmiplast.ch\/de\/beruf-im-fokus-der-marketingverantwortliche\/\" \/>\n<meta property=\"og:site_name\" content=\"Olmiplast\" \/>\n<meta property=\"article:published_time\" content=\"2018-03-29T12:01:26+00:00\" \/>\n<meta property=\"article:modified_time\" content=\"2023-12-05T19:17:24+00:00\" \/>\n<meta property=\"og:image\" content=\"https:\/\/www.olmiplast.ch\/wp-content\/uploads\/2018\/03\/responsable-marketing-olmiplast.jpg\" \/>\n\t<meta property=\"og:image:width\" content=\"640\" \/>\n\t<meta property=\"og:image:height\" content=\"452\" \/>\n\t<meta property=\"og:image:type\" content=\"image\/jpeg\" \/>\n<meta name=\"author\" content=\"admOL7i9Pst6\" \/>\n<meta name=\"twitter:card\" content=\"summary_large_image\" \/>\n<meta name=\"twitter:label1\" content=\"Geschrieben von\" \/>\n\t<meta name=\"twitter:data1\" content=\"admOL7i9Pst6\" \/>\n\t<meta name=\"twitter:label2\" content=\"Gesch\u00e4tzte Lesezeit\" \/>\n\t<meta name=\"twitter:data2\" content=\"4\u00a0Minuten\" \/>\n<script type=\"application\/ld+json\" class=\"yoast-schema-graph\">{\"@context\":\"https:\\\/\\\/schema.org\",\"@graph\":[{\"@type\":\"Article\",\"@id\":\"https:\\\/\\\/www.olmiplast.ch\\\/de\\\/beruf-im-fokus-der-marketingverantwortliche\\\/#article\",\"isPartOf\":{\"@id\":\"https:\\\/\\\/www.olmiplast.ch\\\/de\\\/beruf-im-fokus-der-marketingverantwortliche\\\/\"},\"author\":{\"name\":\"admOL7i9Pst6\",\"@id\":\"https:\\\/\\\/www.olmiplast.ch\\\/de\\\/#\\\/schema\\\/person\\\/c39433e14850c294cbd9e24b4f4068bd\"},\"headline\":\"Beruf im Fokus &#8211; der Marketingverantwortliche\",\"datePublished\":\"2018-03-29T12:01:26+00:00\",\"dateModified\":\"2023-12-05T19:17:24+00:00\",\"mainEntityOfPage\":{\"@id\":\"https:\\\/\\\/www.olmiplast.ch\\\/de\\\/beruf-im-fokus-der-marketingverantwortliche\\\/\"},\"wordCount\":782,\"publisher\":{\"@id\":\"https:\\\/\\\/www.olmiplast.ch\\\/de\\\/#organization\"},\"image\":{\"@id\":\"https:\\\/\\\/www.olmiplast.ch\\\/de\\\/beruf-im-fokus-der-marketingverantwortliche\\\/#primaryimage\"},\"thumbnailUrl\":\"https:\\\/\\\/www.olmiplast.ch\\\/wp-content\\\/uploads\\\/2018\\\/03\\\/responsable-marketing-olmiplast.jpg\",\"articleSection\":[\"Unkategorisiert\"],\"inLanguage\":\"de-CH\"},{\"@type\":\"WebPage\",\"@id\":\"https:\\\/\\\/www.olmiplast.ch\\\/de\\\/beruf-im-fokus-der-marketingverantwortliche\\\/\",\"url\":\"https:\\\/\\\/www.olmiplast.ch\\\/de\\\/beruf-im-fokus-der-marketingverantwortliche\\\/\",\"name\":\"Personalisierte massgefertigte Verpackungen f\u00fcr den Marketingbereich\",\"isPartOf\":{\"@id\":\"https:\\\/\\\/www.olmiplast.ch\\\/de\\\/#website\"},\"primaryImageOfPage\":{\"@id\":\"https:\\\/\\\/www.olmiplast.ch\\\/de\\\/beruf-im-fokus-der-marketingverantwortliche\\\/#primaryimage\"},\"image\":{\"@id\":\"https:\\\/\\\/www.olmiplast.ch\\\/de\\\/beruf-im-fokus-der-marketingverantwortliche\\\/#primaryimage\"},\"thumbnailUrl\":\"https:\\\/\\\/www.olmiplast.ch\\\/wp-content\\\/uploads\\\/2018\\\/03\\\/responsable-marketing-olmiplast.jpg\",\"datePublished\":\"2018-03-29T12:01:26+00:00\",\"dateModified\":\"2023-12-05T19:17:24+00:00\",\"description\":\"Hier erfahren Sie, was der Beruf des Marketingverantwortlichen mit personalisierten Verpackungen zu tun hat.\",\"inLanguage\":\"de-CH\",\"potentialAction\":[{\"@type\":\"ReadAction\",\"target\":[\"https:\\\/\\\/www.olmiplast.ch\\\/de\\\/beruf-im-fokus-der-marketingverantwortliche\\\/\"]}]},{\"@type\":\"ImageObject\",\"inLanguage\":\"de-CH\",\"@id\":\"https:\\\/\\\/www.olmiplast.ch\\\/de\\\/beruf-im-fokus-der-marketingverantwortliche\\\/#primaryimage\",\"url\":\"https:\\\/\\\/www.olmiplast.ch\\\/wp-content\\\/uploads\\\/2018\\\/03\\\/responsable-marketing-olmiplast.jpg\",\"contentUrl\":\"https:\\\/\\\/www.olmiplast.ch\\\/wp-content\\\/uploads\\\/2018\\\/03\\\/responsable-marketing-olmiplast.jpg\",\"width\":640,\"height\":452},{\"@type\":\"WebSite\",\"@id\":\"https:\\\/\\\/www.olmiplast.ch\\\/de\\\/#website\",\"url\":\"https:\\\/\\\/www.olmiplast.ch\\\/de\\\/\",\"name\":\"Olmiplast\",\"description\":\"Fourre plastique, pochette et article de classement plastique\",\"publisher\":{\"@id\":\"https:\\\/\\\/www.olmiplast.ch\\\/de\\\/#organization\"},\"potentialAction\":[{\"@type\":\"SearchAction\",\"target\":{\"@type\":\"EntryPoint\",\"urlTemplate\":\"https:\\\/\\\/www.olmiplast.ch\\\/de\\\/?s={search_term_string}\"},\"query-input\":{\"@type\":\"PropertyValueSpecification\",\"valueRequired\":true,\"valueName\":\"search_term_string\"}}],\"inLanguage\":\"de-CH\"},{\"@type\":\"Organization\",\"@id\":\"https:\\\/\\\/www.olmiplast.ch\\\/de\\\/#organization\",\"name\":\"Olmiplast\",\"url\":\"https:\\\/\\\/www.olmiplast.ch\\\/de\\\/\",\"logo\":{\"@type\":\"ImageObject\",\"inLanguage\":\"de-CH\",\"@id\":\"https:\\\/\\\/www.olmiplast.ch\\\/de\\\/#\\\/schema\\\/logo\\\/image\\\/\",\"url\":\"https:\\\/\\\/www.olmiplast.ch\\\/wp-content\\\/uploads\\\/2018\\\/06\\\/fabricant-emballage-plastique-souple-rigide.png\",\"contentUrl\":\"https:\\\/\\\/www.olmiplast.ch\\\/wp-content\\\/uploads\\\/2018\\\/06\\\/fabricant-emballage-plastique-souple-rigide.png\",\"width\":207,\"height\":147,\"caption\":\"Olmiplast\"},\"image\":{\"@id\":\"https:\\\/\\\/www.olmiplast.ch\\\/de\\\/#\\\/schema\\\/logo\\\/image\\\/\"}},{\"@type\":\"Person\",\"@id\":\"https:\\\/\\\/www.olmiplast.ch\\\/de\\\/#\\\/schema\\\/person\\\/c39433e14850c294cbd9e24b4f4068bd\",\"name\":\"admOL7i9Pst6\",\"image\":{\"@type\":\"ImageObject\",\"inLanguage\":\"de-CH\",\"@id\":\"https:\\\/\\\/secure.gravatar.com\\\/avatar\\\/a1570640a9f519e1fac2ec56d0998eb6d4f9492cc19d1f0147a1d1f571dfecb6?s=96&d=mm&r=g\",\"url\":\"https:\\\/\\\/secure.gravatar.com\\\/avatar\\\/a1570640a9f519e1fac2ec56d0998eb6d4f9492cc19d1f0147a1d1f571dfecb6?s=96&d=mm&r=g\",\"contentUrl\":\"https:\\\/\\\/secure.gravatar.com\\\/avatar\\\/a1570640a9f519e1fac2ec56d0998eb6d4f9492cc19d1f0147a1d1f571dfecb6?s=96&d=mm&r=g\",\"caption\":\"admOL7i9Pst6\"}}]}<\/script>\n<!-- \/ Yoast SEO plugin. -->","yoast_head_json":{"title":"Personalisierte massgefertigte Verpackungen f\u00fcr den Marketingbereich","description":"Hier erfahren Sie, was der Beruf des Marketingverantwortlichen mit personalisierten Verpackungen zu tun hat.","robots":{"index":"index","follow":"follow","max-snippet":"max-snippet:-1","max-image-preview":"max-image-preview:large","max-video-preview":"max-video-preview:-1"},"canonical":"https:\/\/www.olmiplast.ch\/de\/beruf-im-fokus-der-marketingverantwortliche\/","og_locale":"de_DE","og_type":"article","og_title":"Personalisierte massgefertigte Verpackungen f\u00fcr den Marketingbereich","og_description":"Hier erfahren Sie, was der Beruf des Marketingverantwortlichen mit personalisierten Verpackungen zu tun hat.","og_url":"https:\/\/www.olmiplast.ch\/de\/beruf-im-fokus-der-marketingverantwortliche\/","og_site_name":"Olmiplast","article_published_time":"2018-03-29T12:01:26+00:00","article_modified_time":"2023-12-05T19:17:24+00:00","og_image":[{"width":640,"height":452,"url":"https:\/\/www.olmiplast.ch\/wp-content\/uploads\/2018\/03\/responsable-marketing-olmiplast.jpg","type":"image\/jpeg"}],"author":"admOL7i9Pst6","twitter_card":"summary_large_image","twitter_misc":{"Geschrieben von":"admOL7i9Pst6","Gesch\u00e4tzte Lesezeit":"4\u00a0Minuten"},"schema":{"@context":"https:\/\/schema.org","@graph":[{"@type":"Article","@id":"https:\/\/www.olmiplast.ch\/de\/beruf-im-fokus-der-marketingverantwortliche\/#article","isPartOf":{"@id":"https:\/\/www.olmiplast.ch\/de\/beruf-im-fokus-der-marketingverantwortliche\/"},"author":{"name":"admOL7i9Pst6","@id":"https:\/\/www.olmiplast.ch\/de\/#\/schema\/person\/c39433e14850c294cbd9e24b4f4068bd"},"headline":"Beruf im Fokus &#8211; der Marketingverantwortliche","datePublished":"2018-03-29T12:01:26+00:00","dateModified":"2023-12-05T19:17:24+00:00","mainEntityOfPage":{"@id":"https:\/\/www.olmiplast.ch\/de\/beruf-im-fokus-der-marketingverantwortliche\/"},"wordCount":782,"publisher":{"@id":"https:\/\/www.olmiplast.ch\/de\/#organization"},"image":{"@id":"https:\/\/www.olmiplast.ch\/de\/beruf-im-fokus-der-marketingverantwortliche\/#primaryimage"},"thumbnailUrl":"https:\/\/www.olmiplast.ch\/wp-content\/uploads\/2018\/03\/responsable-marketing-olmiplast.jpg","articleSection":["Unkategorisiert"],"inLanguage":"de-CH"},{"@type":"WebPage","@id":"https:\/\/www.olmiplast.ch\/de\/beruf-im-fokus-der-marketingverantwortliche\/","url":"https:\/\/www.olmiplast.ch\/de\/beruf-im-fokus-der-marketingverantwortliche\/","name":"Personalisierte massgefertigte Verpackungen f\u00fcr den Marketingbereich","isPartOf":{"@id":"https:\/\/www.olmiplast.ch\/de\/#website"},"primaryImageOfPage":{"@id":"https:\/\/www.olmiplast.ch\/de\/beruf-im-fokus-der-marketingverantwortliche\/#primaryimage"},"image":{"@id":"https:\/\/www.olmiplast.ch\/de\/beruf-im-fokus-der-marketingverantwortliche\/#primaryimage"},"thumbnailUrl":"https:\/\/www.olmiplast.ch\/wp-content\/uploads\/2018\/03\/responsable-marketing-olmiplast.jpg","datePublished":"2018-03-29T12:01:26+00:00","dateModified":"2023-12-05T19:17:24+00:00","description":"Hier erfahren Sie, was der Beruf des Marketingverantwortlichen mit personalisierten Verpackungen zu tun hat.","inLanguage":"de-CH","potentialAction":[{"@type":"ReadAction","target":["https:\/\/www.olmiplast.ch\/de\/beruf-im-fokus-der-marketingverantwortliche\/"]}]},{"@type":"ImageObject","inLanguage":"de-CH","@id":"https:\/\/www.olmiplast.ch\/de\/beruf-im-fokus-der-marketingverantwortliche\/#primaryimage","url":"https:\/\/www.olmiplast.ch\/wp-content\/uploads\/2018\/03\/responsable-marketing-olmiplast.jpg","contentUrl":"https:\/\/www.olmiplast.ch\/wp-content\/uploads\/2018\/03\/responsable-marketing-olmiplast.jpg","width":640,"height":452},{"@type":"WebSite","@id":"https:\/\/www.olmiplast.ch\/de\/#website","url":"https:\/\/www.olmiplast.ch\/de\/","name":"Olmiplast","description":"Fourre plastique, pochette et article de classement plastique","publisher":{"@id":"https:\/\/www.olmiplast.ch\/de\/#organization"},"potentialAction":[{"@type":"SearchAction","target":{"@type":"EntryPoint","urlTemplate":"https:\/\/www.olmiplast.ch\/de\/?s={search_term_string}"},"query-input":{"@type":"PropertyValueSpecification","valueRequired":true,"valueName":"search_term_string"}}],"inLanguage":"de-CH"},{"@type":"Organization","@id":"https:\/\/www.olmiplast.ch\/de\/#organization","name":"Olmiplast","url":"https:\/\/www.olmiplast.ch\/de\/","logo":{"@type":"ImageObject","inLanguage":"de-CH","@id":"https:\/\/www.olmiplast.ch\/de\/#\/schema\/logo\/image\/","url":"https:\/\/www.olmiplast.ch\/wp-content\/uploads\/2018\/06\/fabricant-emballage-plastique-souple-rigide.png","contentUrl":"https:\/\/www.olmiplast.ch\/wp-content\/uploads\/2018\/06\/fabricant-emballage-plastique-souple-rigide.png","width":207,"height":147,"caption":"Olmiplast"},"image":{"@id":"https:\/\/www.olmiplast.ch\/de\/#\/schema\/logo\/image\/"}},{"@type":"Person","@id":"https:\/\/www.olmiplast.ch\/de\/#\/schema\/person\/c39433e14850c294cbd9e24b4f4068bd","name":"admOL7i9Pst6","image":{"@type":"ImageObject","inLanguage":"de-CH","@id":"https:\/\/secure.gravatar.com\/avatar\/a1570640a9f519e1fac2ec56d0998eb6d4f9492cc19d1f0147a1d1f571dfecb6?s=96&d=mm&r=g","url":"https:\/\/secure.gravatar.com\/avatar\/a1570640a9f519e1fac2ec56d0998eb6d4f9492cc19d1f0147a1d1f571dfecb6?s=96&d=mm&r=g","contentUrl":"https:\/\/secure.gravatar.com\/avatar\/a1570640a9f519e1fac2ec56d0998eb6d4f9492cc19d1f0147a1d1f571dfecb6?s=96&d=mm&r=g","caption":"admOL7i9Pst6"}}]}},"_links":{"self":[{"href":"https:\/\/www.olmiplast.ch\/de\/wp-json\/wp\/v2\/posts\/2558","targetHints":{"allow":["GET"]}}],"collection":[{"href":"https:\/\/www.olmiplast.ch\/de\/wp-json\/wp\/v2\/posts"}],"about":[{"href":"https:\/\/www.olmiplast.ch\/de\/wp-json\/wp\/v2\/types\/post"}],"author":[{"embeddable":true,"href":"https:\/\/www.olmiplast.ch\/de\/wp-json\/wp\/v2\/users\/1"}],"replies":[{"embeddable":true,"href":"https:\/\/www.olmiplast.ch\/de\/wp-json\/wp\/v2\/comments?post=2558"}],"version-history":[{"count":1,"href":"https:\/\/www.olmiplast.ch\/de\/wp-json\/wp\/v2\/posts\/2558\/revisions"}],"predecessor-version":[{"id":2559,"href":"https:\/\/www.olmiplast.ch\/de\/wp-json\/wp\/v2\/posts\/2558\/revisions\/2559"}],"wp:featuredmedia":[{"embeddable":true,"href":"https:\/\/www.olmiplast.ch\/de\/wp-json\/wp\/v2\/media\/1989"}],"wp:attachment":[{"href":"https:\/\/www.olmiplast.ch\/de\/wp-json\/wp\/v2\/media?parent=2558"}],"wp:term":[{"taxonomy":"category","embeddable":true,"href":"https:\/\/www.olmiplast.ch\/de\/wp-json\/wp\/v2\/categories?post=2558"},{"taxonomy":"post_tag","embeddable":true,"href":"https:\/\/www.olmiplast.ch\/de\/wp-json\/wp\/v2\/tags?post=2558"}],"curies":[{"name":"wp","href":"https:\/\/api.w.org\/{rel}","templated":true}]}}